{"id":14697,"date":"2026-09-02T10:16:06","date_gmt":"2026-09-02T08:16:06","guid":{"rendered":"https:\/\/www.socialenergie.be\/?p=14697"},"modified":"2026-09-02T10:18:35","modified_gmt":"2026-09-02T08:18:35","slug":"expo-et-podcast-quand-le-terrain-deborde-et-prend-la-parole-chronique-des-luttes-pour-un-logement-decent","status":"publish","type":"post","link":"https:\/\/www.socialenergie.be\/fr\/expo-et-podcast-quand-le-terrain-deborde-et-prend-la-parole-chronique-des-luttes-pour-un-logement-decent\/","title":{"rendered":"Expo et podcast : \u00ab Quand le terrain d\u00e9borde et prend la parole \u2013 Chronique des luttes pour un logement d\u00e9cent \u00bb"},"content":{"rendered":"<p>Entre recul des acquis sociaux, r\u00e9duction des budgets et crise du logement, le quotidien des travailleurs et travailleuses sociales ressemble \u00e0 un parcours d\u2019obstacles. Pourtant, sur le terrain, on invente, on \u00ab\u00a0jongle\u00a0\u00bb et on trouve des failles pour d\u00e9fendre l\u2019acc\u00e8s \u00e0 une vie digne.<\/p>\n<p>Le Centre d\u2019Appui SocialEnergie (CASE) et Convivence ont rassembl\u00e9 des travailleuses et travailleur de terrain pour partager ce qui nous anime. Le r\u00e9sultat\u00a0: une rencontre entre le son et l\u2019image\u00a0:<\/p>\n<ol>\n<li><strong> Le podcast :<\/strong> Une discussion \u00e0 quatre voix, anim\u00e9e par Sarah de Laet dans l\u2019\u00e9mission \u00ab\u00a0<em>La brique et le pav\u00e9\u00a0\u00bb<\/em>. Un espace pour prendre de la distance, analyser le contexte actuel et partager des pratiques inspirantes.<\/li>\n<li><strong> L\u2019exposition photo avec extraits sonores :<\/strong> Jonas Guyaux et Jo\u00eblle Van Laethem, photographes, illustrent les r\u00e9cits par des clich\u00e9s symboliques. L\u2019expo diffuse de courts extraits sonores du podcast pour donner vie aux images.<\/li>\n<\/ol>\n<p>Ce projet met en lumi\u00e8re ces moments o\u00f9 on arrive encore \u00e0 d\u00e9jouer le syst\u00e8me, \u00e0 activer des leviers, pour d\u00e9fendre le droit de chacun et chacune de vivre une vie conforme \u00e0 la dignit\u00e9 humaine.<\/p>\n<p>Ce projet a \u00e9t\u00e9 con\u00e7u dans le cadre du <a href=\"https:\/\/habitools.be\/habitools-2026\/\" target=\"_blank\" rel=\"noopener noreferrer\">salon Habitools<\/a>, un \u00e9v\u00e9nement pour d\u00e9couvrir des outils p\u00e9dagogiques autour du logement, pour les travailleuses et travailleurs de terrain. Vous pourrez l\u2019y d\u00e9couvrir le 15 septembre. Des extraits du podcast sont aussi <a href=\"https:\/\/www.socialenergie.be\/fr\/terrain-deborde\/\">disponibles en ligne<\/a>.<\/p>\n<p>\u00ab\u00a0Quand le terrain d\u00e9borde\u00a0\u00bb a \u00e9t\u00e9 cr\u00e9\u00e9 pour initier la discussion et faire \u00e9merger les id\u00e9es et est con\u00e7u pour pouvoir voyager et inspirer d\u2019autres lieux. Si \u00e7a vous int\u00e9resse, vous pouvez l\u2019emprunter, l\u2019adapter \u00e0 un projet, l\u2019utiliser pour une \u00e9coute collective, \u2026<\/p>\n<p>\u00c7a vous parle\u00a0? Contactez-nous, on en discutera\u00a0avec plaisir.<\/p>\n<p>Luce et Anne<br \/>\n<a href=\"mailto:socialenergie@fdss.be\">socialenergie@fdss.be<\/a><br \/>\n02 526 03 00<\/p>\n<p>Valentine<br \/>\n<a href=\"mailto:valentine.dufrasne@convivence.irisnet.be\">valentine.dufrasne@convivence.irisnet.be<\/a><br \/>\n02 505 01 33<\/p>\n","protected":false},"excerpt":{"rendered":"<p>Entre recul des acquis sociaux, r\u00e9duction des budgets et crise du logement, le quotidien des travailleurs et travailleuses sociales ressemble \u00e0 un parcours d\u2019obstacles. Pourtant, sur le terrain, on invente, on \u00ab\u00a0jongle\u00a0\u00bb et on trouve des failles pour d\u00e9fendre l\u2019acc\u00e8s \u00e0 une vie digne. Le Centre d\u2019Appui SocialEnergie (CASE) et Convivence ont rassembl\u00e9 des travailleuses [&hellip;]<\/p>\n","protected":false},"author":8,"featured_media":14702,"comment_status":"closed","ping_status":"closed","sticky":false,"template":"","format":"standard","meta":{"_acf_changed":false,"footnotes":""},"categories":[1],"tags":[],"class_list":["post-14697","post","type-post","status-publish","format-standard","has-post-thumbnail","hentry","category-actualites"],"acf":[],"_links":{"self":[{"href":"https:\/\/www.socialenergie.be\/fr\/wp-json\/wp\/v2\/posts\/14697","targetHints":{"allow":["GET"]}}],"collection":[{"href":"https:\/\/www.socialenergie.be\/fr\/wp-json\/wp\/v2\/posts"}],"about":[{"href":"https:\/\/www.socialenergie.be\/fr\/wp-json\/wp\/v2\/types\/post"}],"author":[{"embeddable":true,"href":"https:\/\/www.socialenergie.be\/fr\/wp-json\/wp\/v2\/users\/8"}],"replies":[{"embeddable":true,"href":"https:\/\/www.socialenergie.be\/fr\/wp-json\/wp\/v2\/comments?post=14697"}],"version-history":[{"count":2,"href":"https:\/\/www.socialenergie.be\/fr\/wp-json\/wp\/v2\/posts\/14697\/revisions"}],"predecessor-version":[{"id":14700,"href":"https:\/\/www.socialenergie.be\/fr\/wp-json\/wp\/v2\/posts\/14697\/revisions\/14700"}],"wp:featuredmedia":[{"embeddable":true,"href":"https:\/\/www.socialenergie.be\/fr\/wp-json\/wp\/v2\/media\/14702"}],"wp:attachment":[{"href":"https:\/\/www.socialenergie.be\/fr\/wp-json\/wp\/v2\/media?parent=14697"}],"wp:term":[{"taxonomy":"category","embeddable":true,"href":"https:\/\/www.socialenergie.be\/fr\/wp-json\/wp\/v2\/categories?post=14697"},{"taxonomy":"post_tag","embeddable":true,"href":"https:\/\/www.socialenergie.be\/fr\/wp-json\/wp\/v2\/tags?post=14697"}],"curies":[{"name":"wp","href":"https:\/\/api.w.org\/{rel}","templated":true}]}}