{"id":14703,"date":"2026-09-02T10:26:16","date_gmt":"2026-09-02T08:26:16","guid":{"rendered":"https:\/\/www.socialenergie.be\/?p=14703"},"modified":"2026-09-02T10:26:16","modified_gmt":"2026-09-02T08:26:16","slug":"habitools-2026-rendez-vous-sur-notre-stand","status":"publish","type":"post","link":"https:\/\/www.socialenergie.be\/fr\/habitools-2026-rendez-vous-sur-notre-stand\/","title":{"rendered":"Habitools 2026 : rendez-vous sur notre stand !"},"content":{"rendered":"<p>Habitools, l\u2019\u00e9v\u00e9nement incontournable pour faire le plein d\u2019outils p\u00e9dagogiques autour du logement, revient ! Cette ann\u00e9e, le fil conducteur nous parle particuli\u00e8rement au Centre d\u2019Appui SocialEnergie :<em> \u00ab\u00a0Du jeu \u00e0 l\u2019action : (s\u2019)outiller pour habiter, parce que le logement est un droit\u2026 et un pouvoir \u00e0 exercer\u00a0\u00bb<\/em>.<\/p>\n<p>Comme lors de chaque \u00e9dition, l\u2019\u00e9quipe tiendra un stand pour vous faire tester diff\u00e9rents supports pr\u00eats \u00e0 l&#8217;emploi :<\/p>\n<ul>\n<li><strong>Des maquettes tr\u00e8s concr\u00e8tes<\/strong> pour comprendre l&rsquo;installation \u00e9lectrique ou le fonctionnement d&rsquo;une chasse d&rsquo;eau.<\/li>\n<li><strong>Des jeux <\/strong>comme <em>Energic\u2019\u00e0 Brac<\/em> pour d\u00e9crypter le march\u00e9 de l&rsquo;\u00e9nergie et le r\u00f4le de ses acteurs.<\/li>\n<li><strong>Des visuels<\/strong> comme <em>\u00ab La maison catastrophe \u00bb<\/em> pour aborder le sujet d\u00e9licat de l&rsquo;humidit\u00e9.<\/li>\n<li><strong>Des guides et fiches m\u00e9thodologiques<\/strong> pour alimenter vos propres ateliers.<\/li>\n<\/ul>\n<p>N\u2019h\u00e9sitez pas \u00e0 passer \u00e9changer avec nous, partager vos retours de terrain et, qui sait, imaginer de futures collaborations !<\/p>\n<p>&nbsp;<\/p>\n<p>Deux autres temps forts lors desquels vous pourrez \u00e9galement nous retrouver :<\/p>\n<ul>\n<li>10h-10h30 &amp; 10h45-11h15 | Test des <a href=\"https:\/\/www.socialenergie.be\/fr\/publications\/fiches-couts-conso\/\">fiches <em>Co\u00fbts-Conso<\/em><\/a><\/li>\n<\/ul>\n<p>Venez d\u00e9couvrir cet outil parfait pour sensibiliser \u00e0 la consommation d\u2019\u00e9nergie avec bienveillance et sans culpabilisation <em>(anim\u00e9 avec SOHAB et Une Maison en Plus)<\/em>.<\/p>\n<ul>\n<li>Toute la journ\u00e9e | <em><a href=\"https:\/\/www.socialenergie.be\/fr\/expo-et-podcast-quand-le-terrain-deborde-et-prend-la-parole-chronique-des-luttes-pour-un-logement-decent\/\">Quand le terrain d\u00e9borde et prend la parole<\/a><\/em><\/li>\n<\/ul>\n<p>Plongez dans les luttes pour un logement d\u00e9cent \u00e0 travers un podcast et une expo photo <em>(con\u00e7us avec Convivence)<\/em>. Rendez-vous dans le Foyer.<\/p>\n<p><strong>En pratique :<\/strong><\/p>\n<p>Habitools a lieu le 15 septembre 2026 \u00e0 De Kriekelaar (Rue Gallait 86, Schaerbeek)<\/p>\n<p><strong>Programme complet &amp; inscriptions :<\/strong> <a href=\"https:\/\/habitools.be\/habitools-2026\/\" target=\"_blank\" rel=\"noopener noreferrer\">habitools.be\/habitools-2026<\/a><\/p>\n<p>On a h\u00e2te de vous y croiser\u00a0!<\/p>\n","protected":false},"excerpt":{"rendered":"<p>Habitools, l\u2019\u00e9v\u00e9nement incontournable pour faire le plein d\u2019outils p\u00e9dagogiques autour du logement, revient ! Cette ann\u00e9e, le fil conducteur nous parle particuli\u00e8rement au Centre d\u2019Appui SocialEnergie : \u00ab\u00a0Du jeu \u00e0 l\u2019action : (s\u2019)outiller pour habiter, parce que le logement est un droit\u2026 et un pouvoir \u00e0 exercer\u00a0\u00bb. Comme lors de chaque \u00e9dition, l\u2019\u00e9quipe tiendra un [&hellip;]<\/p>\n","protected":false},"author":8,"featured_media":14721,"comment_status":"closed","ping_status":"closed","sticky":false,"template":"","format":"standard","meta":{"_acf_changed":false,"footnotes":""},"categories":[1],"tags":[],"class_list":["post-14703","post","type-post","status-publish","format-standard","has-post-thumbnail","hentry","category-actualites"],"acf":[],"_links":{"self":[{"href":"https:\/\/www.socialenergie.be\/fr\/wp-json\/wp\/v2\/posts\/14703","targetHints":{"allow":["GET"]}}],"collection":[{"href":"https:\/\/www.socialenergie.be\/fr\/wp-json\/wp\/v2\/posts"}],"about":[{"href":"https:\/\/www.socialenergie.be\/fr\/wp-json\/wp\/v2\/types\/post"}],"author":[{"embeddable":true,"href":"https:\/\/www.socialenergie.be\/fr\/wp-json\/wp\/v2\/users\/8"}],"replies":[{"embeddable":true,"href":"https:\/\/www.socialenergie.be\/fr\/wp-json\/wp\/v2\/comments?post=14703"}],"version-history":[{"count":2,"href":"https:\/\/www.socialenergie.be\/fr\/wp-json\/wp\/v2\/posts\/14703\/revisions"}],"predecessor-version":[{"id":14723,"href":"https:\/\/www.socialenergie.be\/fr\/wp-json\/wp\/v2\/posts\/14703\/revisions\/14723"}],"wp:featuredmedia":[{"embeddable":true,"href":"https:\/\/www.socialenergie.be\/fr\/wp-json\/wp\/v2\/media\/14721"}],"wp:attachment":[{"href":"https:\/\/www.socialenergie.be\/fr\/wp-json\/wp\/v2\/media?parent=14703"}],"wp:term":[{"taxonomy":"category","embeddable":true,"href":"https:\/\/www.socialenergie.be\/fr\/wp-json\/wp\/v2\/categories?post=14703"},{"taxonomy":"post_tag","embeddable":true,"href":"https:\/\/www.socialenergie.be\/fr\/wp-json\/wp\/v2\/tags?post=14703"}],"curies":[{"name":"wp","href":"https:\/\/api.w.org\/{rel}","templated":true}]}}