{"id":14705,"date":"2026-07-16T10:15:00","date_gmt":"2026-07-16T08:15:00","guid":{"rendered":"https:\/\/www.socialenergie.be\/terrain-deborde\/"},"modified":"2026-09-02T10:23:30","modified_gmt":"2026-09-02T08:23:30","slug":"terrain-deborde","status":"publish","type":"post","link":"https:\/\/www.socialenergie.be\/nl\/terrain-deborde\/","title":{"rendered":"Quand le terrain d\u00e9borde et prend la parole \u2013 Chronique des luttes pour un logement d\u00e9cent"},"content":{"rendered":"<p>Le terrain d\u00e9borde\u2026<\/p>\n<p>Il d\u00e9borde de demandes, de situations critiques, secou\u00e9 par les crises multiples.<\/p>\n<p>Il d\u00e9borde aussi de d\u00e9termination, de force, de courage.<\/p>\n<p>Enfin, il d\u00e9borde d\u2019une envie de faire ensemble, de faire bouger les lignes, de faire front avec le public qu\u2019il accompagne pour rendre effectif le droit \u00e0 un logement d\u00e9cent.<\/p>\n<p>Ces petits bouts d\u2019histoires et ces fiert\u00e9s qui jalonnent un parcours professionnel sont de vraies bulles d\u2019oxyg\u00e8ne,\u00a0qu\u2019on a envie de partager pour qu\u2019elles nous rassemblent et qu\u2019elles nous renforcent.<\/p>\n<p>Ce projet a \u00e9t\u00e9 cr\u00e9\u00e9 pour ouvrir la discussion et faire \u00e9merger les id\u00e9es.<\/p>\n<p>Il peut voyager, s\u2019adapter \u00e0 un projet, une \u00e9coute collective.<\/p>\n<p>\u00c7a te parle\u00a0? Contacte-nous, on en discutera\u00a0avec plaisir.<\/p>\n<p>Luce et Anne<br \/>\n<a href=\"mailto:socialenergie@fdss.be\">socialenergie@fdss.be<\/a><br \/>\n02 526 03 00<\/p>\n<p>Valentine<br \/>\n<a href=\"mailto:valentine.dufrasne@convivence.irisnet.be\">valentine.dufrasne@convivence.irisnet.be<\/a><br \/>\n02 505 01 30<\/p>\n<h2>Extraits sonores<\/h2>\n<p><iframe loading=\"lazy\" title=\"YouTube video player\" src=\"https:\/\/www.youtube-nocookie.com\/embed\/pQPL1_vOElo?si=MoYudr0RjOHpjrul\" width=\"560\" height=\"315\" frameborder=\"0\" allowfullscreen=\"allowfullscreen\"><\/iframe><\/p>\n<h2>Podcast complet<\/h2>\n<p><iframe loading=\"lazy\" src=\"https:\/\/www.radiopanik.org\/emissions\/la-brique-et-le-pave\/22eme-episode-quand-le-terrain-deborde-et-prend-la-parole-chronique-de-luttes-pour-un-logement-decent\/embed\/22692\/\" width=\"100%\" height=\"100\" frameborder=\"no\" scrolling=\"no\"><\/iframe><\/p>\n<h2>T\u00e9moignage de Sarah<\/h2>\n<h2><iframe loading=\"lazy\" title=\"YouTube video player\" src=\"https:\/\/www.youtube-nocookie.com\/embed\/up031Gr5iD4?si=0Hk-WUrtzCfSnAib\" width=\"560\" height=\"315\" frameborder=\"0\" allowfullscreen=\"allowfullscreen\"><\/iframe><\/h2>\n<h2>T\u00e9moignage de Julia<\/h2>\n<h2><iframe loading=\"lazy\" title=\"YouTube video player\" src=\"https:\/\/www.youtube-nocookie.com\/embed\/YUaXTNm-Ek0?si=Ly5rtX7OpHcmeBqm\" width=\"560\" height=\"315\" frameborder=\"0\" allowfullscreen=\"allowfullscreen\"><\/iframe><\/h2>\n<h2>T\u00e9moignage d&#8217;Olivier<\/h2>\n<h2><iframe loading=\"lazy\" title=\"YouTube video player\" src=\"https:\/\/www.youtube-nocookie.com\/embed\/Y7ZJoCwKXLA?si=bT0gT20MO61I1Rlw\" width=\"560\" height=\"315\" frameborder=\"0\" allowfullscreen=\"allowfullscreen\"><\/iframe><\/h2>\n<h2>T\u00e9moignage de V\u00e9ronique<\/h2>\n<h2><iframe loading=\"lazy\" title=\"YouTube video player\" src=\"https:\/\/www.youtube-nocookie.com\/embed\/0vmHB1m80Ms?si=ChT6qYlmwjJi2krc\" width=\"560\" height=\"315\" frameborder=\"0\" allowfullscreen=\"allowfullscreen\"><\/iframe><\/h2>\n<h2>Photos<\/h2>\n\n\t\t<style>\n\t\t\t#gallery-1 {\n\t\t\t\tmargin: auto;\n\t\t\t}\n\t\t\t#gallery-1 .gallery-item {\n\t\t\t\tfloat: left;\n\t\t\t\tmargin-top: 10px;\n\t\t\t\ttext-align: center;\n\t\t\t\twidth: 33%;\n\t\t\t}\n\t\t\t#gallery-1 img {\n\t\t\t\tborder: 2px solid #cfcfcf;\n\t\t\t}\n\t\t\t#gallery-1 .gallery-caption {\n\t\t\t\tmargin-left: 0;\n\t\t\t}\n\t\t\t\/* see gallery_shortcode() in wp-includes\/media.php *\/\n\t\t<\/style>\n\t\t<div id='gallery-1' class='gallery galleryid-14705 gallery-columns-3 gallery-size-full'><dl class='gallery-item'>\n\t\t\t<dt class='gallery-icon landscape'>\n\t\t\t\t<a href='https:\/\/www.socialenergie.be\/wp-content\/uploads\/DSC_5252-fab-scaled.jpg'><img loading=\"lazy\" decoding=\"async\" width=\"2560\" height=\"1696\" src=\"https:\/\/www.socialenergie.be\/wp-content\/uploads\/DSC_5252-fab-scaled.jpg\" class=\"attachment-full size-full\" alt=\"\" srcset=\"https:\/\/www.socialenergie.be\/wp-content\/uploads\/DSC_5252-fab-scaled.jpg 2560w, https:\/\/www.socialenergie.be\/wp-content\/uploads\/DSC_5252-fab-300x199.jpg 300w, https:\/\/www.socialenergie.be\/wp-content\/uploads\/DSC_5252-fab-1024x678.jpg 1024w, https:\/\/www.socialenergie.be\/wp-content\/uploads\/DSC_5252-fab-150x99.jpg 150w, https:\/\/www.socialenergie.be\/wp-content\/uploads\/DSC_5252-fab-1536x1017.jpg 1536w, https:\/\/www.socialenergie.be\/wp-content\/uploads\/DSC_5252-fab-2048x1356.jpg 2048w\" sizes=\"auto, (max-width: 2560px) 100vw, 2560px\" \/><\/a>\n\t\t\t<\/dt><\/dl><dl class='gallery-item'>\n\t\t\t<dt class='gallery-icon landscape'>\n\t\t\t\t<a href='https:\/\/www.socialenergie.be\/wp-content\/uploads\/DSC_5257-2-fab-scaled.jpg'><img loading=\"lazy\" decoding=\"async\" width=\"2560\" height=\"1695\" src=\"https:\/\/www.socialenergie.be\/wp-content\/uploads\/DSC_5257-2-fab-scaled.jpg\" class=\"attachment-full size-full\" alt=\"\" srcset=\"https:\/\/www.socialenergie.be\/wp-content\/uploads\/DSC_5257-2-fab-scaled.jpg 2560w, https:\/\/www.socialenergie.be\/wp-content\/uploads\/DSC_5257-2-fab-300x199.jpg 300w, https:\/\/www.socialenergie.be\/wp-content\/uploads\/DSC_5257-2-fab-1024x678.jpg 1024w, https:\/\/www.socialenergie.be\/wp-content\/uploads\/DSC_5257-2-fab-150x99.jpg 150w, https:\/\/www.socialenergie.be\/wp-content\/uploads\/DSC_5257-2-fab-1536x1017.jpg 1536w, https:\/\/www.socialenergie.be\/wp-content\/uploads\/DSC_5257-2-fab-2048x1356.jpg 2048w\" sizes=\"auto, (max-width: 2560px) 100vw, 2560px\" \/><\/a>\n\t\t\t<\/dt><\/dl><dl class='gallery-item'>\n\t\t\t<dt class='gallery-icon landscape'>\n\t\t\t\t<a href='https:\/\/www.socialenergie.be\/wp-content\/uploads\/DSC_5296-fab-scaled.jpg'><img loading=\"lazy\" decoding=\"async\" width=\"2560\" height=\"1696\" src=\"https:\/\/www.socialenergie.be\/wp-content\/uploads\/DSC_5296-fab-scaled.jpg\" class=\"attachment-full size-full\" alt=\"\" srcset=\"https:\/\/www.socialenergie.be\/wp-content\/uploads\/DSC_5296-fab-scaled.jpg 2560w, https:\/\/www.socialenergie.be\/wp-content\/uploads\/DSC_5296-fab-300x199.jpg 300w, https:\/\/www.socialenergie.be\/wp-content\/uploads\/DSC_5296-fab-1024x678.jpg 1024w, https:\/\/www.socialenergie.be\/wp-content\/uploads\/DSC_5296-fab-150x99.jpg 150w, https:\/\/www.socialenergie.be\/wp-content\/uploads\/DSC_5296-fab-1536x1017.jpg 1536w, https:\/\/www.socialenergie.be\/wp-content\/uploads\/DSC_5296-fab-2048x1356.jpg 2048w\" sizes=\"auto, (max-width: 2560px) 100vw, 2560px\" \/><\/a>\n\t\t\t<\/dt><\/dl><br style=\"clear: both\" \/><dl class='gallery-item'>\n\t\t\t<dt class='gallery-icon portrait'>\n\t\t\t\t<a href='https:\/\/www.socialenergie.be\/wp-content\/uploads\/DSC06744-scaled.jpg'><img loading=\"lazy\" decoding=\"async\" width=\"1706\" height=\"2560\" src=\"https:\/\/www.socialenergie.be\/wp-content\/uploads\/DSC06744-scaled.jpg\" class=\"attachment-full size-full\" alt=\"\" srcset=\"https:\/\/www.socialenergie.be\/wp-content\/uploads\/DSC06744-scaled.jpg 1706w, https:\/\/www.socialenergie.be\/wp-content\/uploads\/DSC06744-200x300.jpg 200w, https:\/\/www.socialenergie.be\/wp-content\/uploads\/DSC06744-683x1024.jpg 683w, https:\/\/www.socialenergie.be\/wp-content\/uploads\/DSC06744-100x150.jpg 100w, https:\/\/www.socialenergie.be\/wp-content\/uploads\/DSC06744-1024x1536.jpg 1024w, https:\/\/www.socialenergie.be\/wp-content\/uploads\/DSC06744-1365x2048.jpg 1365w\" sizes=\"auto, (max-width: 1706px) 100vw, 1706px\" \/><\/a>\n\t\t\t<\/dt><\/dl><dl class='gallery-item'>\n\t\t\t<dt class='gallery-icon landscape'>\n\t\t\t\t<a href='https:\/\/www.socialenergie.be\/wp-content\/uploads\/DSC06747-2-scaled.jpg'><img loading=\"lazy\" decoding=\"async\" width=\"2560\" height=\"1707\" src=\"https:\/\/www.socialenergie.be\/wp-content\/uploads\/DSC06747-2-scaled.jpg\" class=\"attachment-full size-full\" alt=\"\" srcset=\"https:\/\/www.socialenergie.be\/wp-content\/uploads\/DSC06747-2-scaled.jpg 2560w, https:\/\/www.socialenergie.be\/wp-content\/uploads\/DSC06747-2-300x200.jpg 300w, https:\/\/www.socialenergie.be\/wp-content\/uploads\/DSC06747-2-1024x683.jpg 1024w, https:\/\/www.socialenergie.be\/wp-content\/uploads\/DSC06747-2-150x100.jpg 150w, https:\/\/www.socialenergie.be\/wp-content\/uploads\/DSC06747-2-1536x1024.jpg 1536w, https:\/\/www.socialenergie.be\/wp-content\/uploads\/DSC06747-2-2048x1365.jpg 2048w\" sizes=\"auto, (max-width: 2560px) 100vw, 2560px\" \/><\/a>\n\t\t\t<\/dt><\/dl><dl class='gallery-item'>\n\t\t\t<dt class='gallery-icon landscape'>\n\t\t\t\t<a href='https:\/\/www.socialenergie.be\/wp-content\/uploads\/DSC06798-scaled.jpg'><img loading=\"lazy\" decoding=\"async\" width=\"2560\" height=\"1707\" src=\"https:\/\/www.socialenergie.be\/wp-content\/uploads\/DSC06798-scaled.jpg\" class=\"attachment-full size-full\" alt=\"\" srcset=\"https:\/\/www.socialenergie.be\/wp-content\/uploads\/DSC06798-scaled.jpg 2560w, https:\/\/www.socialenergie.be\/wp-content\/uploads\/DSC06798-300x200.jpg 300w, https:\/\/www.socialenergie.be\/wp-content\/uploads\/DSC06798-1024x683.jpg 1024w, https:\/\/www.socialenergie.be\/wp-content\/uploads\/DSC06798-150x100.jpg 150w, https:\/\/www.socialenergie.be\/wp-content\/uploads\/DSC06798-1536x1024.jpg 1536w, https:\/\/www.socialenergie.be\/wp-content\/uploads\/DSC06798-2048x1365.jpg 2048w\" sizes=\"auto, (max-width: 2560px) 100vw, 2560px\" \/><\/a>\n\t\t\t<\/dt><\/dl><br style=\"clear: both\" \/><dl class='gallery-item'>\n\t\t\t<dt class='gallery-icon portrait'>\n\t\t\t\t<a href='https:\/\/www.socialenergie.be\/wp-content\/uploads\/DSC07834-scaled.jpg'><img loading=\"lazy\" decoding=\"async\" width=\"1707\" height=\"2560\" src=\"https:\/\/www.socialenergie.be\/wp-content\/uploads\/DSC07834-scaled.jpg\" class=\"attachment-full size-full\" alt=\"\" srcset=\"https:\/\/www.socialenergie.be\/wp-content\/uploads\/DSC07834-scaled.jpg 1707w, https:\/\/www.socialenergie.be\/wp-content\/uploads\/DSC07834-200x300.jpg 200w, https:\/\/www.socialenergie.be\/wp-content\/uploads\/DSC07834-683x1024.jpg 683w, https:\/\/www.socialenergie.be\/wp-content\/uploads\/DSC07834-100x150.jpg 100w, https:\/\/www.socialenergie.be\/wp-content\/uploads\/DSC07834-1024x1536.jpg 1024w, https:\/\/www.socialenergie.be\/wp-content\/uploads\/DSC07834-1365x2048.jpg 1365w\" sizes=\"auto, (max-width: 1707px) 100vw, 1707px\" \/><\/a>\n\t\t\t<\/dt><\/dl><dl class='gallery-item'>\n\t\t\t<dt class='gallery-icon portrait'>\n\t\t\t\t<a href='https:\/\/www.socialenergie.be\/wp-content\/uploads\/DSC07920-scaled.jpg'><img loading=\"lazy\" decoding=\"async\" width=\"1707\" height=\"2560\" src=\"https:\/\/www.socialenergie.be\/wp-content\/uploads\/DSC07920-scaled.jpg\" class=\"attachment-full size-full\" alt=\"\" srcset=\"https:\/\/www.socialenergie.be\/wp-content\/uploads\/DSC07920-scaled.jpg 1707w, https:\/\/www.socialenergie.be\/wp-content\/uploads\/DSC07920-200x300.jpg 200w, https:\/\/www.socialenergie.be\/wp-content\/uploads\/DSC07920-683x1024.jpg 683w, https:\/\/www.socialenergie.be\/wp-content\/uploads\/DSC07920-100x150.jpg 100w, https:\/\/www.socialenergie.be\/wp-content\/uploads\/DSC07920-1024x1536.jpg 1024w, https:\/\/www.socialenergie.be\/wp-content\/uploads\/DSC07920-1365x2048.jpg 1365w\" sizes=\"auto, (max-width: 1707px) 100vw, 1707px\" \/><\/a>\n\t\t\t<\/dt><\/dl><dl class='gallery-item'>\n\t\t\t<dt class='gallery-icon landscape'>\n\t\t\t\t<a href='https:\/\/www.socialenergie.be\/wp-content\/uploads\/DSC07955-scaled.jpg'><img loading=\"lazy\" decoding=\"async\" width=\"2560\" height=\"1707\" src=\"https:\/\/www.socialenergie.be\/wp-content\/uploads\/DSC07955-scaled.jpg\" class=\"attachment-full size-full\" alt=\"\" srcset=\"https:\/\/www.socialenergie.be\/wp-content\/uploads\/DSC07955-scaled.jpg 2560w, https:\/\/www.socialenergie.be\/wp-content\/uploads\/DSC07955-300x200.jpg 300w, https:\/\/www.socialenergie.be\/wp-content\/uploads\/DSC07955-1024x683.jpg 1024w, https:\/\/www.socialenergie.be\/wp-content\/uploads\/DSC07955-150x100.jpg 150w, https:\/\/www.socialenergie.be\/wp-content\/uploads\/DSC07955-1536x1024.jpg 1536w, https:\/\/www.socialenergie.be\/wp-content\/uploads\/DSC07955-2048x1365.jpg 2048w\" sizes=\"auto, (max-width: 2560px) 100vw, 2560px\" \/><\/a>\n\t\t\t<\/dt><\/dl><br style=\"clear: both\" \/><dl class='gallery-item'>\n\t\t\t<dt class='gallery-icon portrait'>\n\t\t\t\t<a href='https:\/\/www.socialenergie.be\/wp-content\/uploads\/DSC08619-scaled.jpg'><img loading=\"lazy\" decoding=\"async\" width=\"1707\" height=\"2560\" src=\"https:\/\/www.socialenergie.be\/wp-content\/uploads\/DSC08619-scaled.jpg\" class=\"attachment-full size-full\" alt=\"\" srcset=\"https:\/\/www.socialenergie.be\/wp-content\/uploads\/DSC08619-scaled.jpg 1707w, https:\/\/www.socialenergie.be\/wp-content\/uploads\/DSC08619-200x300.jpg 200w, https:\/\/www.socialenergie.be\/wp-content\/uploads\/DSC08619-683x1024.jpg 683w, https:\/\/www.socialenergie.be\/wp-content\/uploads\/DSC08619-100x150.jpg 100w, https:\/\/www.socialenergie.be\/wp-content\/uploads\/DSC08619-1024x1536.jpg 1024w, https:\/\/www.socialenergie.be\/wp-content\/uploads\/DSC08619-1365x2048.jpg 1365w\" sizes=\"auto, (max-width: 1707px) 100vw, 1707px\" \/><\/a>\n\t\t\t<\/dt><\/dl><dl class='gallery-item'>\n\t\t\t<dt class='gallery-icon portrait'>\n\t\t\t\t<a href='https:\/\/www.socialenergie.be\/wp-content\/uploads\/DSC08628-scaled.jpg'><img loading=\"lazy\" decoding=\"async\" width=\"1707\" height=\"2560\" src=\"https:\/\/www.socialenergie.be\/wp-content\/uploads\/DSC08628-scaled.jpg\" class=\"attachment-full size-full\" alt=\"\" srcset=\"https:\/\/www.socialenergie.be\/wp-content\/uploads\/DSC08628-scaled.jpg 1707w, https:\/\/www.socialenergie.be\/wp-content\/uploads\/DSC08628-200x300.jpg 200w, https:\/\/www.socialenergie.be\/wp-content\/uploads\/DSC08628-683x1024.jpg 683w, https:\/\/www.socialenergie.be\/wp-content\/uploads\/DSC08628-100x150.jpg 100w, https:\/\/www.socialenergie.be\/wp-content\/uploads\/DSC08628-1024x1536.jpg 1024w, https:\/\/www.socialenergie.be\/wp-content\/uploads\/DSC08628-1365x2048.jpg 1365w\" sizes=\"auto, (max-width: 1707px) 100vw, 1707px\" \/><\/a>\n\t\t\t<\/dt><\/dl>\n\t\t\t<br style='clear: both' \/>\n\t\t<\/div>\n\n","protected":false},"excerpt":{"rendered":"<p>Le terrain d\u00e9borde\u2026 Il d\u00e9borde de demandes, de situations critiques, secou\u00e9 par les crises multiples. Il d\u00e9borde aussi de d\u00e9termination, de force, de courage. Enfin, il d\u00e9borde d\u2019une envie de faire ensemble, de faire bouger les lignes, de faire front avec le public qu\u2019il accompagne pour rendre effectif le droit \u00e0 un logement d\u00e9cent. Ces [&hellip;]<\/p>\n","protected":false},"author":8,"featured_media":14720,"comment_status":"closed","ping_status":"closed","sticky":false,"template":"","format":"standard","meta":{"_acf_changed":false,"footnotes":""},"categories":[4],"tags":[],"class_list":["post-14705","post","type-post","status-publish","format-standard","has-post-thumbnail","hentry","category-nieuws"],"acf":[],"_links":{"self":[{"href":"https:\/\/www.socialenergie.be\/nl\/wp-json\/wp\/v2\/posts\/14705","targetHints":{"allow":["GET"]}}],"collection":[{"href":"https:\/\/www.socialenergie.be\/nl\/wp-json\/wp\/v2\/posts"}],"about":[{"href":"https:\/\/www.socialenergie.be\/nl\/wp-json\/wp\/v2\/types\/post"}],"author":[{"embeddable":true,"href":"https:\/\/www.socialenergie.be\/nl\/wp-json\/wp\/v2\/users\/8"}],"replies":[{"embeddable":true,"href":"https:\/\/www.socialenergie.be\/nl\/wp-json\/wp\/v2\/comments?post=14705"}],"version-history":[{"count":1,"href":"https:\/\/www.socialenergie.be\/nl\/wp-json\/wp\/v2\/posts\/14705\/revisions"}],"predecessor-version":[{"id":14719,"href":"https:\/\/www.socialenergie.be\/nl\/wp-json\/wp\/v2\/posts\/14705\/revisions\/14719"}],"wp:featuredmedia":[{"embeddable":true,"href":"https:\/\/www.socialenergie.be\/nl\/wp-json\/wp\/v2\/media\/14720"}],"wp:attachment":[{"href":"https:\/\/www.socialenergie.be\/nl\/wp-json\/wp\/v2\/media?parent=14705"}],"wp:term":[{"taxonomy":"category","embeddable":true,"href":"https:\/\/www.socialenergie.be\/nl\/wp-json\/wp\/v2\/categories?post=14705"},{"taxonomy":"post_tag","embeddable":true,"href":"https:\/\/www.socialenergie.be\/nl\/wp-json\/wp\/v2\/tags?post=14705"}],"curies":[{"name":"wp","href":"https:\/\/api.w.org\/{rel}","templated":true}]}}